{"id":121,"date":"2022-04-27T17:31:34","date_gmt":"2022-04-27T15:31:34","guid":{"rendered":"http:\/\/positif94.fr\/?p=121"},"modified":"2022-04-29T13:22:06","modified_gmt":"2022-04-29T11:22:06","slug":"festival-du-rythme-2022","status":"publish","type":"post","link":"https:\/\/positif94.fr\/index.php\/2022\/04\/27\/festival-du-rythme-2022\/","title":{"rendered":"Festival du Rythme 2022"},"content":{"rendered":"\n<p class=\"has-medium-font-size\">Le 20 mars 2022, a eu lieu le 2 nd \u00e9dition du festival du rythme, au Palais des Sport Maurice Thorez de Vitry-sur-Seine.<br>En partenariat, avec l&#8217;OMS (Office Municipal des sports) organisateur de l\u2019\u00e9v\u00e9nement, nous avons immortalis\u00e9 durant toute une apr\u00e8s-midi des mouvements de danse de tout horizon et de tout \u00e2ge.<\/p>\n\n\n\n<figure class=\"wp-block-image size-large\"><img loading=\"lazy\" decoding=\"async\" width=\"1024\" height=\"837\" src=\"http:\/\/positif94.fr\/wp-content\/uploads\/2022\/04\/IMG_2463-1-1024x837.jpg\" alt=\"\" class=\"wp-image-125\" srcset=\"https:\/\/positif94.fr\/wp-content\/uploads\/2022\/04\/IMG_2463-1-1024x837.jpg 1024w, https:\/\/positif94.fr\/wp-content\/uploads\/2022\/04\/IMG_2463-1-300x245.jpg 300w, https:\/\/positif94.fr\/wp-content\/uploads\/2022\/04\/IMG_2463-1-768x628.jpg 768w, https:\/\/positif94.fr\/wp-content\/uploads\/2022\/04\/IMG_2463-1-1536x1256.jpg 1536w, https:\/\/positif94.fr\/wp-content\/uploads\/2022\/04\/IMG_2463-1-2048x1675.jpg 2048w, https:\/\/positif94.fr\/wp-content\/uploads\/2022\/04\/IMG_2463-1-367x300.jpg 367w\" sizes=\"auto, (max-width: 1024px) 100vw, 1024px\" \/><\/figure>\n\n\n\n<figure class=\"wp-block-image size-large\"><img loading=\"lazy\" decoding=\"async\" width=\"1024\" height=\"683\" src=\"http:\/\/positif94.fr\/wp-content\/uploads\/2022\/04\/IMG_2046-1024x683.jpg\" alt=\"\" class=\"wp-image-123\" srcset=\"https:\/\/positif94.fr\/wp-content\/uploads\/2022\/04\/IMG_2046-1024x683.jpg 1024w, https:\/\/positif94.fr\/wp-content\/uploads\/2022\/04\/IMG_2046-300x200.jpg 300w, https:\/\/positif94.fr\/wp-content\/uploads\/2022\/04\/IMG_2046-768x512.jpg 768w, https:\/\/positif94.fr\/wp-content\/uploads\/2022\/04\/IMG_2046-1536x1024.jpg 1536w, https:\/\/positif94.fr\/wp-content\/uploads\/2022\/04\/IMG_2046-2048x1365.jpg 2048w, https:\/\/positif94.fr\/wp-content\/uploads\/2022\/04\/IMG_2046-450x300.jpg 450w\" sizes=\"auto, (max-width: 1024px) 100vw, 1024px\" \/><\/figure>\n\n\n\n<p> <\/p>\n\n\n\n<figure class=\"wp-block-image size-large\"><img loading=\"lazy\" decoding=\"async\" width=\"1024\" height=\"683\" src=\"http:\/\/positif94.fr\/wp-content\/uploads\/2022\/04\/CIR_8647-1024x683.jpg\" alt=\"\" class=\"wp-image-124\" srcset=\"https:\/\/positif94.fr\/wp-content\/uploads\/2022\/04\/CIR_8647-1024x683.jpg 1024w, https:\/\/positif94.fr\/wp-content\/uploads\/2022\/04\/CIR_8647-300x200.jpg 300w, https:\/\/positif94.fr\/wp-content\/uploads\/2022\/04\/CIR_8647-768x513.jpg 768w, https:\/\/positif94.fr\/wp-content\/uploads\/2022\/04\/CIR_8647-1536x1025.jpg 1536w, https:\/\/positif94.fr\/wp-content\/uploads\/2022\/04\/CIR_8647-2048x1367.jpg 2048w, https:\/\/positif94.fr\/wp-content\/uploads\/2022\/04\/CIR_8647-450x300.jpg 450w\" sizes=\"auto, (max-width: 1024px) 100vw, 1024px\" \/><\/figure>\n","protected":false},"excerpt":{"rendered":"<p>Le 20 mars 2022, a eu lieu le 2 nd \u00e9dition du festival du rythme, au Palais des Sport Maurice Thorez de Vitry-sur-Seine.En partenariat, avec l&#8217;OMS (Office Municipal des sports) organisateur de l\u2019\u00e9v\u00e9nement, nous avons immortalis\u00e9 durant toute une apr\u00e8s-midi &hellip; <a href=\"https:\/\/positif94.fr\/index.php\/2022\/04\/27\/festival-du-rythme-2022\/\">Continue reading <span class=\"meta-nav\">&rarr;<\/span><\/a><\/p>\n","protected":false},"author":1,"featured_media":0,"comment_status":"closed","ping_status":"closed","sticky":false,"template":"","format":"standard","meta":{"footnotes":""},"categories":[14],"tags":[],"class_list":["post-121","post","type-post","status-publish","format-standard","hentry","category-oms"],"_links":{"self":[{"href":"https:\/\/positif94.fr\/index.php\/wp-json\/wp\/v2\/posts\/121","targetHints":{"allow":["GET"]}}],"collection":[{"href":"https:\/\/positif94.fr\/index.php\/wp-json\/wp\/v2\/posts"}],"about":[{"href":"https:\/\/positif94.fr\/index.php\/wp-json\/wp\/v2\/types\/post"}],"author":[{"embeddable":true,"href":"https:\/\/positif94.fr\/index.php\/wp-json\/wp\/v2\/users\/1"}],"replies":[{"embeddable":true,"href":"https:\/\/positif94.fr\/index.php\/wp-json\/wp\/v2\/comments?post=121"}],"version-history":[{"count":3,"href":"https:\/\/positif94.fr\/index.php\/wp-json\/wp\/v2\/posts\/121\/revisions"}],"predecessor-version":[{"id":241,"href":"https:\/\/positif94.fr\/index.php\/wp-json\/wp\/v2\/posts\/121\/revisions\/241"}],"wp:attachment":[{"href":"https:\/\/positif94.fr\/index.php\/wp-json\/wp\/v2\/media?parent=121"}],"wp:term":[{"taxonomy":"category","embeddable":true,"href":"https:\/\/positif94.fr\/index.php\/wp-json\/wp\/v2\/categories?post=121"},{"taxonomy":"post_tag","embeddable":true,"href":"https:\/\/positif94.fr\/index.php\/wp-json\/wp\/v2\/tags?post=121"}],"curies":[{"name":"wp","href":"https:\/\/api.w.org\/{rel}","templated":true}]}}